{"id":758,"date":"2024-09-12T11:58:43","date_gmt":"2024-09-12T14:58:43","guid":{"rendered":"https:\/\/sustainamusic.com\/?p=758"},"modified":"2024-09-12T11:58:43","modified_gmt":"2024-09-12T14:58:43","slug":"sustainamusic-estara-presente-en-el-amsterdam-dance-event-2024","status":"publish","type":"post","link":"https:\/\/sustainamusic.com\/en\/sustainamusic-estara-presente-en-el-amsterdam-dance-event-2024\/","title":{"rendered":"SustainaMusic estar\u00e1 presente en el Amsterdam Dance Event 2024"},"content":{"rendered":"<figure class=\"wp-block-image size-large\"><img fetchpriority=\"high\" decoding=\"async\" width=\"1024\" height=\"683\" src=\"https:\/\/sustainamusic.com\/wp-content\/uploads\/2024\/09\/9_Jasper-ten-Tusscher_ADE_WOMEN-1024x683.jpg\" alt=\"\" class=\"wp-image-759\" srcset=\"https:\/\/sustainamusic.com\/wp-content\/uploads\/2024\/09\/9_Jasper-ten-Tusscher_ADE_WOMEN-1024x683.jpg 1024w, https:\/\/sustainamusic.com\/wp-content\/uploads\/2024\/09\/9_Jasper-ten-Tusscher_ADE_WOMEN-300x200.jpg 300w, https:\/\/sustainamusic.com\/wp-content\/uploads\/2024\/09\/9_Jasper-ten-Tusscher_ADE_WOMEN-768x512.jpg 768w, https:\/\/sustainamusic.com\/wp-content\/uploads\/2024\/09\/9_Jasper-ten-Tusscher_ADE_WOMEN.jpg 1200w\" sizes=\"(max-width: 1024px) 100vw, 1024px\" \/><\/figure>\n\n\n\n<p>Nos complace anunciar que SustainaMusic participar\u00e1 en la pr\u00f3xima edici\u00f3n del Amsterdam Dance Event (ADE) 2024, uno de los eventos m\u00e1s importantes a nivel mundial en la industria de la m\u00fasica electr\u00f3nica.<\/p>\n\n\n\n<p>El ADE es un espacio clave para conectar con profesionales de la m\u00fasica, artistas y creativos, y compartir nuestra visi\u00f3n de un futuro m\u00e1s sostenible en la industria musical. Este a\u00f1o, SustainaMusic se unir\u00e1 a las principales conversaciones y actividades enfocadas en la innovaci\u00f3n y la sostenibilidad en la m\u00fasica.<\/p>\n\n\n\n<p>\u00a1Esperamos poder compartir esta incre\u00edble experiencia con todos ustedes! Mantente atento a nuestras redes para m\u00e1s actualizaciones sobre nuestra participaci\u00f3n.<\/p>","protected":false},"excerpt":{"rendered":"<p>Nos complace anunciar que SustainaMusic participar\u00e1 en la pr\u00f3xima edici\u00f3n del Amsterdam Dance Event (ADE) 2024, uno de los eventos m\u00e1s importantes a nivel mundial en la industria de la m\u00fasica electr\u00f3nica. El ADE es un espacio clave para conectar con profesionales de la m\u00fasica, artistas y creativos, y compartir nuestra visi\u00f3n de un futuro [&hellip;]<\/p>","protected":false},"author":1,"featured_media":751,"comment_status":"closed","ping_status":"open","sticky":false,"template":"","format":"standard","meta":{"site-sidebar-layout":"default","site-content-layout":"","ast-site-content-layout":"","site-content-style":"default","site-sidebar-style":"default","ast-global-header-display":"","ast-banner-title-visibility":"","ast-main-header-display":"","ast-hfb-above-header-display":"","ast-hfb-below-header-display":"","ast-hfb-mobile-header-display":"","site-post-title":"","ast-breadcrumbs-content":"","ast-featured-img":"disabled","footer-sml-layout":"","theme-transparent-header-meta":"","adv-header-id-meta":"","stick-header-meta":"","header-above-stick-meta":"","header-main-stick-meta":"","header-below-stick-meta":"","astra-migrate-meta-layouts":"default","ast-page-background-enabled":"default","ast-page-background-meta":{"desktop":{"background-color":"var(--ast-global-color-4)","background-image":"","background-repeat":"repeat","background-position":"center center","background-size":"auto","background-attachment":"scroll","background-type":"","background-media":"","overlay-type":"","overlay-color":"","overlay-opacity":"","overlay-gradient":""},"tablet":{"background-color":"","background-image":"","background-repeat":"repeat","background-position":"center center","background-size":"auto","background-attachment":"scroll","background-type":"","background-media":"","overlay-type":"","overlay-color":"","overlay-opacity":"","overlay-gradient":""},"mobile":{"background-color":"","background-image":"","background-repeat":"repeat","background-position":"center center","background-size":"auto","background-attachment":"scroll","background-type":"","background-media":"","overlay-type":"","overlay-color":"","overlay-opacity":"","overlay-gradient":""}},"ast-content-background-meta":{"desktop":{"background-color":"var(--ast-global-color-5)","background-image":"","background-repeat":"repeat","background-position":"center center","background-size":"auto","background-attachment":"scroll","background-type":"","background-media":"","overlay-type":"","overlay-color":"","overlay-opacity":"","overlay-gradient":""},"tablet":{"background-color":"var(--ast-global-color-5)","background-image":"","background-repeat":"repeat","background-position":"center center","background-size":"auto","background-attachment":"scroll","background-type":"","background-media":"","overlay-type":"","overlay-color":"","overlay-opacity":"","overlay-gradient":""},"mobile":{"background-color":"var(--ast-global-color-5)","background-image":"","background-repeat":"repeat","background-position":"center center","background-size":"auto","background-attachment":"scroll","background-type":"","background-media":"","overlay-type":"","overlay-color":"","overlay-opacity":"","overlay-gradient":""}},"footnotes":""},"categories":[6],"tags":[],"class_list":["post-758","post","type-post","status-publish","format-standard","has-post-thumbnail","hentry","category-eventos"],"yoast_head":"<!-- This site is optimized with the Yoast SEO plugin v26.1.1 - https:\/\/yoast.com\/wordpress\/plugins\/seo\/ -->\n<title>SustainaMusic estar\u00e1 presente en el Amsterdam Dance Event 2024 - SustainaMusic<\/title>\n<meta name=\"robots\" content=\"index, follow, max-snippet:-1, max-image-preview:large, max-video-preview:-1\" \/>\n<link rel=\"canonical\" href=\"https:\/\/sustainamusic.com\/en\/sustainamusic-estara-presente-en-el-amsterdam-dance-event-2024\/\" \/>\n<meta property=\"og:locale\" content=\"en_GB\" \/>\n<meta property=\"og:type\" content=\"article\" \/>\n<meta property=\"og:title\" content=\"SustainaMusic estar\u00e1 presente en el Amsterdam Dance Event 2024 - SustainaMusic\" \/>\n<meta property=\"og:description\" content=\"Nos complace anunciar que SustainaMusic participar\u00e1 en la pr\u00f3xima edici\u00f3n del Amsterdam Dance Event (ADE) 2024, uno de los eventos m\u00e1s importantes a nivel mundial en la industria de la m\u00fasica electr\u00f3nica. El ADE es un espacio clave para conectar con profesionales de la m\u00fasica, artistas y creativos, y compartir nuestra visi\u00f3n de un futuro [&hellip;]\" \/>\n<meta property=\"og:url\" content=\"https:\/\/sustainamusic.com\/en\/sustainamusic-estara-presente-en-el-amsterdam-dance-event-2024\/\" \/>\n<meta property=\"og:site_name\" content=\"SustainaMusic\" \/>\n<meta property=\"article:published_time\" content=\"2024-09-12T14:58:43+00:00\" \/>\n<meta property=\"og:image\" content=\"https:\/\/sustainamusic.com\/wp-content\/uploads\/2024\/09\/231019_Andaz_CollabhouseDrinks_L.jpg\" \/>\n\t<meta property=\"og:image:width\" content=\"800\" \/>\n\t<meta property=\"og:image:height\" content=\"1200\" \/>\n\t<meta property=\"og:image:type\" content=\"image\/jpeg\" \/>\n<meta name=\"author\" content=\"martinofaraldo\" \/>\n<meta name=\"twitter:card\" content=\"summary_large_image\" \/>\n<meta name=\"twitter:creator\" content=\"@SustainaMusic\" \/>\n<meta name=\"twitter:site\" content=\"@SustainaMusic\" \/>\n<meta name=\"twitter:label1\" content=\"Written by\" \/>\n\t<meta name=\"twitter:data1\" content=\"martinofaraldo\" \/>\n\t<meta name=\"twitter:label2\" content=\"Estimated reading time\" \/>\n\t<meta name=\"twitter:data2\" content=\"1 minute\" \/>\n<script type=\"application\/ld+json\" class=\"yoast-schema-graph\">{\"@context\":\"https:\/\/schema.org\",\"@graph\":[{\"@type\":\"Article\",\"@id\":\"https:\/\/sustainamusic.com\/sustainamusic-estara-presente-en-el-amsterdam-dance-event-2024\/#article\",\"isPartOf\":{\"@id\":\"https:\/\/sustainamusic.com\/sustainamusic-estara-presente-en-el-amsterdam-dance-event-2024\/\"},\"author\":{\"name\":\"martinofaraldo\",\"@id\":\"https:\/\/sustainamusic.com\/#\/schema\/person\/82f091a0ee9aca09c80a8558108d64b1\"},\"headline\":\"SustainaMusic estar\u00e1 presente en el Amsterdam Dance Event 2024\",\"datePublished\":\"2024-09-12T14:58:43+00:00\",\"mainEntityOfPage\":{\"@id\":\"https:\/\/sustainamusic.com\/sustainamusic-estara-presente-en-el-amsterdam-dance-event-2024\/\"},\"wordCount\":123,\"publisher\":{\"@id\":\"https:\/\/sustainamusic.com\/#organization\"},\"image\":{\"@id\":\"https:\/\/sustainamusic.com\/sustainamusic-estara-presente-en-el-amsterdam-dance-event-2024\/#primaryimage\"},\"thumbnailUrl\":\"https:\/\/sustainamusic.com\/wp-content\/uploads\/2024\/09\/231019_Andaz_CollabhouseDrinks_L.jpg\",\"articleSection\":[\"Eventos\"],\"inLanguage\":\"en-GB\"},{\"@type\":\"WebPage\",\"@id\":\"https:\/\/sustainamusic.com\/sustainamusic-estara-presente-en-el-amsterdam-dance-event-2024\/\",\"url\":\"https:\/\/sustainamusic.com\/sustainamusic-estara-presente-en-el-amsterdam-dance-event-2024\/\",\"name\":\"SustainaMusic estar\u00e1 presente en el Amsterdam Dance Event 2024 - SustainaMusic\",\"isPartOf\":{\"@id\":\"https:\/\/sustainamusic.com\/#website\"},\"primaryImageOfPage\":{\"@id\":\"https:\/\/sustainamusic.com\/sustainamusic-estara-presente-en-el-amsterdam-dance-event-2024\/#primaryimage\"},\"image\":{\"@id\":\"https:\/\/sustainamusic.com\/sustainamusic-estara-presente-en-el-amsterdam-dance-event-2024\/#primaryimage\"},\"thumbnailUrl\":\"https:\/\/sustainamusic.com\/wp-content\/uploads\/2024\/09\/231019_Andaz_CollabhouseDrinks_L.jpg\",\"datePublished\":\"2024-09-12T14:58:43+00:00\",\"breadcrumb\":{\"@id\":\"https:\/\/sustainamusic.com\/sustainamusic-estara-presente-en-el-amsterdam-dance-event-2024\/#breadcrumb\"},\"inLanguage\":\"en-GB\",\"potentialAction\":[{\"@type\":\"ReadAction\",\"target\":[\"https:\/\/sustainamusic.com\/sustainamusic-estara-presente-en-el-amsterdam-dance-event-2024\/\"]}]},{\"@type\":\"ImageObject\",\"inLanguage\":\"en-GB\",\"@id\":\"https:\/\/sustainamusic.com\/sustainamusic-estara-presente-en-el-amsterdam-dance-event-2024\/#primaryimage\",\"url\":\"https:\/\/sustainamusic.com\/wp-content\/uploads\/2024\/09\/231019_Andaz_CollabhouseDrinks_L.jpg\",\"contentUrl\":\"https:\/\/sustainamusic.com\/wp-content\/uploads\/2024\/09\/231019_Andaz_CollabhouseDrinks_L.jpg\",\"width\":800,\"height\":1200},{\"@type\":\"BreadcrumbList\",\"@id\":\"https:\/\/sustainamusic.com\/sustainamusic-estara-presente-en-el-amsterdam-dance-event-2024\/#breadcrumb\",\"itemListElement\":[{\"@type\":\"ListItem\",\"position\":1,\"name\":\"Portada\",\"item\":\"https:\/\/sustainamusic.com\/\"},{\"@type\":\"ListItem\",\"position\":2,\"name\":\"SustainaMusic estar\u00e1 presente en el Amsterdam Dance Event 2024\"}]},{\"@type\":\"WebSite\",\"@id\":\"https:\/\/sustainamusic.com\/#website\",\"url\":\"https:\/\/sustainamusic.com\/\",\"name\":\"SustainaMusic\",\"description\":\"Sostenibilidad en Eventos Musicales\",\"publisher\":{\"@id\":\"https:\/\/sustainamusic.com\/#organization\"},\"potentialAction\":[{\"@type\":\"SearchAction\",\"target\":{\"@type\":\"EntryPoint\",\"urlTemplate\":\"https:\/\/sustainamusic.com\/?s={search_term_string}\"},\"query-input\":{\"@type\":\"PropertyValueSpecification\",\"valueRequired\":true,\"valueName\":\"search_term_string\"}}],\"inLanguage\":\"en-GB\"},{\"@type\":\"Organization\",\"@id\":\"https:\/\/sustainamusic.com\/#organization\",\"name\":\"SustainaMusic\",\"url\":\"https:\/\/sustainamusic.com\/\",\"logo\":{\"@type\":\"ImageObject\",\"inLanguage\":\"en-GB\",\"@id\":\"https:\/\/sustainamusic.com\/#\/schema\/logo\/image\/\",\"url\":\"https:\/\/sustainamusic.com\/wp-content\/uploads\/2024\/11\/Logo-Nuevo-Sustaina-Music.png\",\"contentUrl\":\"https:\/\/sustainamusic.com\/wp-content\/uploads\/2024\/11\/Logo-Nuevo-Sustaina-Music.png\",\"width\":717,\"height\":160,\"caption\":\"SustainaMusic\"},\"image\":{\"@id\":\"https:\/\/sustainamusic.com\/#\/schema\/logo\/image\/\"},\"sameAs\":[\"https:\/\/x.com\/SustainaMusic\",\"https:\/\/www.instagram.com\/sustaina.music\",\"https:\/\/www.linkedin.com\/company\/sustainamusic\/\"]},{\"@type\":\"Person\",\"@id\":\"https:\/\/sustainamusic.com\/#\/schema\/person\/82f091a0ee9aca09c80a8558108d64b1\",\"name\":\"martinofaraldo\",\"image\":{\"@type\":\"ImageObject\",\"inLanguage\":\"en-GB\",\"@id\":\"https:\/\/sustainamusic.com\/#\/schema\/person\/image\/\",\"url\":\"https:\/\/secure.gravatar.com\/avatar\/8eb8eab82fcba7396785cc98d59c014603576f612b42997963ba6915ee906fda?s=96&d=mm&r=g\",\"contentUrl\":\"https:\/\/secure.gravatar.com\/avatar\/8eb8eab82fcba7396785cc98d59c014603576f612b42997963ba6915ee906fda?s=96&d=mm&r=g\",\"caption\":\"martinofaraldo\"},\"sameAs\":[\"https:\/\/sustainamusic.com\"],\"url\":\"https:\/\/sustainamusic.com\/en\/author\/martinofaraldo\/\"}]}<\/script>\n<!-- \/ Yoast SEO plugin. -->","yoast_head_json":{"title":"SustainaMusic estar\u00e1 presente en el Amsterdam Dance Event 2024 - SustainaMusic","robots":{"index":"index","follow":"follow","max-snippet":"max-snippet:-1","max-image-preview":"max-image-preview:large","max-video-preview":"max-video-preview:-1"},"canonical":"https:\/\/sustainamusic.com\/en\/sustainamusic-estara-presente-en-el-amsterdam-dance-event-2024\/","og_locale":"en_GB","og_type":"article","og_title":"SustainaMusic estar\u00e1 presente en el Amsterdam Dance Event 2024 - SustainaMusic","og_description":"Nos complace anunciar que SustainaMusic participar\u00e1 en la pr\u00f3xima edici\u00f3n del Amsterdam Dance Event (ADE) 2024, uno de los eventos m\u00e1s importantes a nivel mundial en la industria de la m\u00fasica electr\u00f3nica. El ADE es un espacio clave para conectar con profesionales de la m\u00fasica, artistas y creativos, y compartir nuestra visi\u00f3n de un futuro [&hellip;]","og_url":"https:\/\/sustainamusic.com\/en\/sustainamusic-estara-presente-en-el-amsterdam-dance-event-2024\/","og_site_name":"SustainaMusic","article_published_time":"2024-09-12T14:58:43+00:00","og_image":[{"width":800,"height":1200,"url":"https:\/\/sustainamusic.com\/wp-content\/uploads\/2024\/09\/231019_Andaz_CollabhouseDrinks_L.jpg","type":"image\/jpeg"}],"author":"martinofaraldo","twitter_card":"summary_large_image","twitter_creator":"@SustainaMusic","twitter_site":"@SustainaMusic","twitter_misc":{"Written by":"martinofaraldo","Estimated reading time":"1 minute"},"schema":{"@context":"https:\/\/schema.org","@graph":[{"@type":"Article","@id":"https:\/\/sustainamusic.com\/sustainamusic-estara-presente-en-el-amsterdam-dance-event-2024\/#article","isPartOf":{"@id":"https:\/\/sustainamusic.com\/sustainamusic-estara-presente-en-el-amsterdam-dance-event-2024\/"},"author":{"name":"martinofaraldo","@id":"https:\/\/sustainamusic.com\/#\/schema\/person\/82f091a0ee9aca09c80a8558108d64b1"},"headline":"SustainaMusic estar\u00e1 presente en el Amsterdam Dance Event 2024","datePublished":"2024-09-12T14:58:43+00:00","mainEntityOfPage":{"@id":"https:\/\/sustainamusic.com\/sustainamusic-estara-presente-en-el-amsterdam-dance-event-2024\/"},"wordCount":123,"publisher":{"@id":"https:\/\/sustainamusic.com\/#organization"},"image":{"@id":"https:\/\/sustainamusic.com\/sustainamusic-estara-presente-en-el-amsterdam-dance-event-2024\/#primaryimage"},"thumbnailUrl":"https:\/\/sustainamusic.com\/wp-content\/uploads\/2024\/09\/231019_Andaz_CollabhouseDrinks_L.jpg","articleSection":["Eventos"],"inLanguage":"en-GB"},{"@type":"WebPage","@id":"https:\/\/sustainamusic.com\/sustainamusic-estara-presente-en-el-amsterdam-dance-event-2024\/","url":"https:\/\/sustainamusic.com\/sustainamusic-estara-presente-en-el-amsterdam-dance-event-2024\/","name":"SustainaMusic estar\u00e1 presente en el Amsterdam Dance Event 2024 - SustainaMusic","isPartOf":{"@id":"https:\/\/sustainamusic.com\/#website"},"primaryImageOfPage":{"@id":"https:\/\/sustainamusic.com\/sustainamusic-estara-presente-en-el-amsterdam-dance-event-2024\/#primaryimage"},"image":{"@id":"https:\/\/sustainamusic.com\/sustainamusic-estara-presente-en-el-amsterdam-dance-event-2024\/#primaryimage"},"thumbnailUrl":"https:\/\/sustainamusic.com\/wp-content\/uploads\/2024\/09\/231019_Andaz_CollabhouseDrinks_L.jpg","datePublished":"2024-09-12T14:58:43+00:00","breadcrumb":{"@id":"https:\/\/sustainamusic.com\/sustainamusic-estara-presente-en-el-amsterdam-dance-event-2024\/#breadcrumb"},"inLanguage":"en-GB","potentialAction":[{"@type":"ReadAction","target":["https:\/\/sustainamusic.com\/sustainamusic-estara-presente-en-el-amsterdam-dance-event-2024\/"]}]},{"@type":"ImageObject","inLanguage":"en-GB","@id":"https:\/\/sustainamusic.com\/sustainamusic-estara-presente-en-el-amsterdam-dance-event-2024\/#primaryimage","url":"https:\/\/sustainamusic.com\/wp-content\/uploads\/2024\/09\/231019_Andaz_CollabhouseDrinks_L.jpg","contentUrl":"https:\/\/sustainamusic.com\/wp-content\/uploads\/2024\/09\/231019_Andaz_CollabhouseDrinks_L.jpg","width":800,"height":1200},{"@type":"BreadcrumbList","@id":"https:\/\/sustainamusic.com\/sustainamusic-estara-presente-en-el-amsterdam-dance-event-2024\/#breadcrumb","itemListElement":[{"@type":"ListItem","position":1,"name":"Portada","item":"https:\/\/sustainamusic.com\/"},{"@type":"ListItem","position":2,"name":"SustainaMusic estar\u00e1 presente en el Amsterdam Dance Event 2024"}]},{"@type":"WebSite","@id":"https:\/\/sustainamusic.com\/#website","url":"https:\/\/sustainamusic.com\/","name":"SustainaMusic","description":"Sostenibilidad en Eventos Musicales","publisher":{"@id":"https:\/\/sustainamusic.com\/#organization"},"potentialAction":[{"@type":"SearchAction","target":{"@type":"EntryPoint","urlTemplate":"https:\/\/sustainamusic.com\/?s={search_term_string}"},"query-input":{"@type":"PropertyValueSpecification","valueRequired":true,"valueName":"search_term_string"}}],"inLanguage":"en-GB"},{"@type":"Organization","@id":"https:\/\/sustainamusic.com\/#organization","name":"SustainaMusic","url":"https:\/\/sustainamusic.com\/","logo":{"@type":"ImageObject","inLanguage":"en-GB","@id":"https:\/\/sustainamusic.com\/#\/schema\/logo\/image\/","url":"https:\/\/sustainamusic.com\/wp-content\/uploads\/2024\/11\/Logo-Nuevo-Sustaina-Music.png","contentUrl":"https:\/\/sustainamusic.com\/wp-content\/uploads\/2024\/11\/Logo-Nuevo-Sustaina-Music.png","width":717,"height":160,"caption":"SustainaMusic"},"image":{"@id":"https:\/\/sustainamusic.com\/#\/schema\/logo\/image\/"},"sameAs":["https:\/\/x.com\/SustainaMusic","https:\/\/www.instagram.com\/sustaina.music","https:\/\/www.linkedin.com\/company\/sustainamusic\/"]},{"@type":"Person","@id":"https:\/\/sustainamusic.com\/#\/schema\/person\/82f091a0ee9aca09c80a8558108d64b1","name":"martinofaraldo","image":{"@type":"ImageObject","inLanguage":"en-GB","@id":"https:\/\/sustainamusic.com\/#\/schema\/person\/image\/","url":"https:\/\/secure.gravatar.com\/avatar\/8eb8eab82fcba7396785cc98d59c014603576f612b42997963ba6915ee906fda?s=96&d=mm&r=g","contentUrl":"https:\/\/secure.gravatar.com\/avatar\/8eb8eab82fcba7396785cc98d59c014603576f612b42997963ba6915ee906fda?s=96&d=mm&r=g","caption":"martinofaraldo"},"sameAs":["https:\/\/sustainamusic.com"],"url":"https:\/\/sustainamusic.com\/en\/author\/martinofaraldo\/"}]}},"_links":{"self":[{"href":"https:\/\/sustainamusic.com\/en\/wp-json\/wp\/v2\/posts\/758","targetHints":{"allow":["GET"]}}],"collection":[{"href":"https:\/\/sustainamusic.com\/en\/wp-json\/wp\/v2\/posts"}],"about":[{"href":"https:\/\/sustainamusic.com\/en\/wp-json\/wp\/v2\/types\/post"}],"author":[{"embeddable":true,"href":"https:\/\/sustainamusic.com\/en\/wp-json\/wp\/v2\/users\/1"}],"replies":[{"embeddable":true,"href":"https:\/\/sustainamusic.com\/en\/wp-json\/wp\/v2\/comments?post=758"}],"version-history":[{"count":1,"href":"https:\/\/sustainamusic.com\/en\/wp-json\/wp\/v2\/posts\/758\/revisions"}],"predecessor-version":[{"id":760,"href":"https:\/\/sustainamusic.com\/en\/wp-json\/wp\/v2\/posts\/758\/revisions\/760"}],"wp:featuredmedia":[{"embeddable":true,"href":"https:\/\/sustainamusic.com\/en\/wp-json\/wp\/v2\/media\/751"}],"wp:attachment":[{"href":"https:\/\/sustainamusic.com\/en\/wp-json\/wp\/v2\/media?parent=758"}],"wp:term":[{"taxonomy":"category","embeddable":true,"href":"https:\/\/sustainamusic.com\/en\/wp-json\/wp\/v2\/categories?post=758"},{"taxonomy":"post_tag","embeddable":true,"href":"https:\/\/sustainamusic.com\/en\/wp-json\/wp\/v2\/tags?post=758"}],"curies":[{"name":"wp","href":"https:\/\/api.w.org\/{rel}","templated":true}]}}